{"id":1198,"date":"2016-05-22T14:07:44","date_gmt":"2016-05-22T12:07:44","guid":{"rendered":"http:\/\/www.ummel.de\/ummel\/?p=1198"},"modified":"2018-05-07T19:44:15","modified_gmt":"2018-05-07T17:44:15","slug":"14-ummellauf-2016","status":"publish","type":"post","link":"https:\/\/www.ummel.de\/ummel\/14-ummellauf-2016\/","title":{"rendered":"14. Ummellauf 2016"},"content":{"rendered":"<p>Auch wenn es eine Wiederholung ist: Wir hatten mal wieder Top Ummellauf-Wetter.<br \/>\nDie Stimmung auf dem Gel\u00e4nde war riesig. Schaut Euch dazu die Bilder unten an.<\/p>\n<p><img decoding=\"async\" src=\"http:\/\/www.ummel.de\/ummel\/wp-content\/uploads\/photo-gallery\/2016-DSC_0352.JPG\" alt=\"Die Sieger\" \/><\/p>\n<p>Ein H\u00f6hepunkt w\u00e4hrend der Laufveranstaltung war die Ehrung unseres Spartenleiters Rainer Schr\u00f6der durch den NLV mit einer silbernen Ehrennadel &#8211; Danke Rainer!<\/p>\n<p><img decoding=\"async\" src=\"http:\/\/www.ummel.de\/ummel\/wp-content\/uploads\/photo-gallery\/2016-DSC_0165.JPG\" alt=\"Rainer s Ehrung\" \/><\/p>\n<p><a href=\"http:\/\/www.ummel.de\/ummel\/wp-content\/uploads\/2016\/05\/Rainer.jpg\"><img loading=\"lazy\" decoding=\"async\" class=\"alignnone size-medium wp-image-1204\" src=\"http:\/\/www.ummel.de\/ummel\/wp-content\/uploads\/2016\/05\/Rainer.jpg\" alt=\"Rainer\" width=\"1\" height=\"1\" \/><\/a>Ich bin sicher das wir uns auch im n\u00e4chsten Jahr wiedertreffen werden!<\/p>\n<p>Hier die Ergebnisse des 14. Ummellaufs 2016 (Bitte anklicken)<\/p>\n<p><a href=\"http:\/\/www.ummel.de\/Laufgruppe\/16Ummellauf\/Ergebnisliste_10_km_Lauf.html\">10km &#8211; Lauf<br \/>\n<\/a> <a href=\"http:\/\/www.ummel.de\/Laufgruppe\/16Ummellauf\/Ergebnisliste_10_km_Lauf_AK.html\">(nach AK sortiert)<\/a><\/p>\n<p><a href=\"http:\/\/www.ummel.de\/Laufgruppe\/16Ummellauf\/Ergebnisliste_5_km_Lauf.html\">5 km &#8211; Lauf<\/a><a href=\"http:\/\/www.ummel.de\/Laufgruppe\/16Ummellauf\/Ergebnisliste_5_km_Lauf_AK.html\"><br \/>\n(nach AK sortiert)<\/a><\/p>\n<p><a href=\"http:\/\/www.ummel.de\/Laufgruppe\/16Ummellauf\/Ergebnisliste_2_6_km_Sch\u00fclerlauf.html\">2,6 km &#8211; Sch\u00fclerlauf<\/a><a href=\"http:\/\/www.ummel.de\/Laufgruppe\/16Ummellauf\/Ergebnisliste_2_6_km_Sch\u00fclerlauf_AK.html\"><br \/>\n(nach AK sortiert)<\/a><\/p>\n<p><a href=\"http:\/\/www.ummel.de\/Laufgruppe\/16Ummellauf\/Ergebnisliste_Walking_10_km.html\">10 km &#8211; Walken<\/a><\/p>\n<p><a href=\"http:\/\/www.ummel.de\/Laufgruppe\/16Ummellauf\/Ergebnisliste_Walking_5_km.html\">5 km &#8211; Walken<\/a><\/p>\n<p>Bilder vom Ummellauf<\/p>\n<p>&nbsp;<\/p>\n","protected":false},"excerpt":{"rendered":"<p>Auch wenn es eine Wiederholung ist: Wir hatten mal wieder Top Ummellauf-Wetter. Die Stimmung auf dem Gel\u00e4nde war riesig. Schaut Euch dazu die Bilder unten an. Ein H\u00f6hepunkt w\u00e4hrend der Laufveranstaltung war die Ehrung unseres Spartenleiters Rainer Schr\u00f6der durch den<\/p>\n","protected":false},"author":2,"featured_media":0,"comment_status":"closed","ping_status":"closed","sticky":false,"template":"","format":"standard","meta":{"footnotes":""},"categories":[30],"tags":[],"class_list":["post-1198","post","type-post","status-publish","format-standard","hentry","category-ummellauf"],"_links":{"self":[{"href":"https:\/\/www.ummel.de\/ummel\/wp-json\/wp\/v2\/posts\/1198","targetHints":{"allow":["GET"]}}],"collection":[{"href":"https:\/\/www.ummel.de\/ummel\/wp-json\/wp\/v2\/posts"}],"about":[{"href":"https:\/\/www.ummel.de\/ummel\/wp-json\/wp\/v2\/types\/post"}],"author":[{"embeddable":true,"href":"https:\/\/www.ummel.de\/ummel\/wp-json\/wp\/v2\/users\/2"}],"replies":[{"embeddable":true,"href":"https:\/\/www.ummel.de\/ummel\/wp-json\/wp\/v2\/comments?post=1198"}],"version-history":[{"count":17,"href":"https:\/\/www.ummel.de\/ummel\/wp-json\/wp\/v2\/posts\/1198\/revisions"}],"predecessor-version":[{"id":1457,"href":"https:\/\/www.ummel.de\/ummel\/wp-json\/wp\/v2\/posts\/1198\/revisions\/1457"}],"wp:attachment":[{"href":"https:\/\/www.ummel.de\/ummel\/wp-json\/wp\/v2\/media?parent=1198"}],"wp:term":[{"taxonomy":"category","embeddable":true,"href":"https:\/\/www.ummel.de\/ummel\/wp-json\/wp\/v2\/categories?post=1198"},{"taxonomy":"post_tag","embeddable":true,"href":"https:\/\/www.ummel.de\/ummel\/wp-json\/wp\/v2\/tags?post=1198"}],"curies":[{"name":"wp","href":"https:\/\/api.w.org\/{rel}","templated":true}]}}