{"id":2257,"date":"2020-01-26T15:24:01","date_gmt":"2020-01-26T14:24:01","guid":{"rendered":"http:\/\/www.ummel.de\/ummel\/?p=2257"},"modified":"2020-01-26T15:25:25","modified_gmt":"2020-01-26T14:25:25","slug":"oste-cup-2020","status":"publish","type":"post","link":"https:\/\/www.ummel.de\/ummel\/oste-cup-2020\/","title":{"rendered":"Oste-Cup 2020"},"content":{"rendered":"\n<p><strong>Zeven.<\/strong> Der erste Lauf der diesj\u00e4hrigen Serie wurde im Rahmen des Crosslaufs in der Ahe in Zeven am 26. Januar ausgetragen. F\u00fcr uns ging um 12:30 Uhr gemeinsam auf die \u201eLangstrecke\u201c, das bedeutet, insgesamt vier Runden, in der Summe rund 7.400 m. Vom Wetter knapp \u00fcber dem Gefrierpunkt, die Strecke war aber soweit trocken und war gut zu laufen. Es sprangen in den AKs schon einige Podestpl\u00e4tze heraus. Weiter geht die Serie dann am 14. Februar in Schee\u00dfel und am 08. M\u00e4rz im gro\u00dfen Holz \u201eZeven Bahberg\u201c. Mal sehen, ob bis dahin immer noch der oder die andere auf dem Treppchen steht, wir werden berichten \ud83d\ude09<\/p>\n\n\n\n<figure class=\"wp-block-image\"><img loading=\"lazy\" decoding=\"async\" width=\"537\" height=\"333\" src=\"http:\/\/www.ummel.de\/ummel\/wp-content\/uploads\/2020\/01\/2020-Oste-Cup-1_3.jpg\" alt=\"\" class=\"wp-image-2258\" srcset=\"https:\/\/www.ummel.de\/ummel\/wp-content\/uploads\/2020\/01\/2020-Oste-Cup-1_3.jpg 537w, https:\/\/www.ummel.de\/ummel\/wp-content\/uploads\/2020\/01\/2020-Oste-Cup-1_3-300x186.jpg 300w\" sizes=\"auto, (max-width: 537px) 100vw, 537px\" \/><\/figure>\n","protected":false},"excerpt":{"rendered":"<p>Zeven. Der erste Lauf der diesj\u00e4hrigen Serie wurde im Rahmen des Crosslaufs in der Ahe in Zeven am 26. Januar ausgetragen. F\u00fcr uns ging um 12:30 Uhr gemeinsam auf die \u201eLangstrecke\u201c, das bedeutet, insgesamt vier Runden, in der Summe rund<\/p>\n","protected":false},"author":16,"featured_media":0,"comment_status":"closed","ping_status":"closed","sticky":false,"template":"","format":"standard","meta":{"footnotes":""},"categories":[7,34],"tags":[],"class_list":["post-2257","post","type-post","status-publish","format-standard","hentry","category-lauftreff","category-laufwettkampf"],"_links":{"self":[{"href":"https:\/\/www.ummel.de\/ummel\/wp-json\/wp\/v2\/posts\/2257","targetHints":{"allow":["GET"]}}],"collection":[{"href":"https:\/\/www.ummel.de\/ummel\/wp-json\/wp\/v2\/posts"}],"about":[{"href":"https:\/\/www.ummel.de\/ummel\/wp-json\/wp\/v2\/types\/post"}],"author":[{"embeddable":true,"href":"https:\/\/www.ummel.de\/ummel\/wp-json\/wp\/v2\/users\/16"}],"replies":[{"embeddable":true,"href":"https:\/\/www.ummel.de\/ummel\/wp-json\/wp\/v2\/comments?post=2257"}],"version-history":[{"count":3,"href":"https:\/\/www.ummel.de\/ummel\/wp-json\/wp\/v2\/posts\/2257\/revisions"}],"predecessor-version":[{"id":2261,"href":"https:\/\/www.ummel.de\/ummel\/wp-json\/wp\/v2\/posts\/2257\/revisions\/2261"}],"wp:attachment":[{"href":"https:\/\/www.ummel.de\/ummel\/wp-json\/wp\/v2\/media?parent=2257"}],"wp:term":[{"taxonomy":"category","embeddable":true,"href":"https:\/\/www.ummel.de\/ummel\/wp-json\/wp\/v2\/categories?post=2257"},{"taxonomy":"post_tag","embeddable":true,"href":"https:\/\/www.ummel.de\/ummel\/wp-json\/wp\/v2\/tags?post=2257"}],"curies":[{"name":"wp","href":"https:\/\/api.w.org\/{rel}","templated":true}]}}