{"id":2267,"date":"2020-03-18T10:47:22","date_gmt":"2020-03-18T09:47:22","guid":{"rendered":"http:\/\/www.ummel.de\/ummel\/?p=2267"},"modified":"2020-03-18T10:47:22","modified_gmt":"2020-03-18T09:47:22","slug":"oste-cup-2020-2","status":"publish","type":"post","link":"https:\/\/www.ummel.de\/ummel\/oste-cup-2020-2\/","title":{"rendered":"Oste-Cup 2020"},"content":{"rendered":"\n<div class=\"wp-block-image\"><figure class=\"alignleft is-resized\"><img loading=\"lazy\" decoding=\"async\" src=\"http:\/\/www.ummel.de\/ummel\/wp-content\/uploads\/2020\/03\/2020-Oste-Cup-Pokal.png\" alt=\"\" class=\"wp-image-2269\" width=\"250\" height=\"372\" srcset=\"https:\/\/www.ummel.de\/ummel\/wp-content\/uploads\/2020\/03\/2020-Oste-Cup-Pokal.png 669w, https:\/\/www.ummel.de\/ummel\/wp-content\/uploads\/2020\/03\/2020-Oste-Cup-Pokal-202x300.png 202w\" sizes=\"auto, (max-width: 250px) 100vw, 250px\" \/><\/figure><\/div>\n\n\n\n<p><strong>Zeven.<\/strong> So, der Oste-Cup 2020 ist jetzt auch schon wieder Geschichte. Im Gegensatz zu der Bremer Winterlaufserie gab es hier keine witterungsbedingten Ausf\u00e4lle, sondern hier wurde alles planm\u00e4\u00dfig durchgef\u00fchrt. Lauf 1 fand am 26. Januar in Zeven \u201ein der Ahe\u201c statt, Lauf 2 am 16. Februar in Schee\u00dfel, der 3. und somit letzte Lauf fand am 08. M\u00e4rz in Zeven \u201eBahberg\u201c statt. Insgesamt waren von unserem Lauftreff sieben am Start, bis in die Oste-Cup-Wertung (mind. zwei absolvierte L\u00e4ufe) haben es dann sechs geschafft. In der Gesamtwertung wurden folgende Top10-Ergebnisse erzielt. Bei den M\u00e4nnern: Axel M. (3.), Axel R. (4.), Heiko (7.) und Frank (10.); bei den Frauen: Sonja (3.).<\/p>\n","protected":false},"excerpt":{"rendered":"<p>Zeven. So, der Oste-Cup 2020 ist jetzt auch schon wieder Geschichte. Im Gegensatz zu der Bremer Winterlaufserie gab es hier keine witterungsbedingten Ausf\u00e4lle, sondern hier wurde alles planm\u00e4\u00dfig durchgef\u00fchrt. Lauf 1 fand am 26. Januar in Zeven \u201ein der Ahe\u201c<\/p>\n","protected":false},"author":16,"featured_media":0,"comment_status":"closed","ping_status":"closed","sticky":false,"template":"","format":"standard","meta":{"footnotes":""},"categories":[7,34],"tags":[],"class_list":["post-2267","post","type-post","status-publish","format-standard","hentry","category-lauftreff","category-laufwettkampf"],"_links":{"self":[{"href":"https:\/\/www.ummel.de\/ummel\/wp-json\/wp\/v2\/posts\/2267","targetHints":{"allow":["GET"]}}],"collection":[{"href":"https:\/\/www.ummel.de\/ummel\/wp-json\/wp\/v2\/posts"}],"about":[{"href":"https:\/\/www.ummel.de\/ummel\/wp-json\/wp\/v2\/types\/post"}],"author":[{"embeddable":true,"href":"https:\/\/www.ummel.de\/ummel\/wp-json\/wp\/v2\/users\/16"}],"replies":[{"embeddable":true,"href":"https:\/\/www.ummel.de\/ummel\/wp-json\/wp\/v2\/comments?post=2267"}],"version-history":[{"count":6,"href":"https:\/\/www.ummel.de\/ummel\/wp-json\/wp\/v2\/posts\/2267\/revisions"}],"predecessor-version":[{"id":2275,"href":"https:\/\/www.ummel.de\/ummel\/wp-json\/wp\/v2\/posts\/2267\/revisions\/2275"}],"wp:attachment":[{"href":"https:\/\/www.ummel.de\/ummel\/wp-json\/wp\/v2\/media?parent=2267"}],"wp:term":[{"taxonomy":"category","embeddable":true,"href":"https:\/\/www.ummel.de\/ummel\/wp-json\/wp\/v2\/categories?post=2267"},{"taxonomy":"post_tag","embeddable":true,"href":"https:\/\/www.ummel.de\/ummel\/wp-json\/wp\/v2\/tags?post=2267"}],"curies":[{"name":"wp","href":"https:\/\/api.w.org\/{rel}","templated":true}]}}